{"id":1667,"date":"2025-12-02T15:07:57","date_gmt":"2025-12-02T14:07:57","guid":{"rendered":"https:\/\/fakepenal.umh.es\/?p=1667"},"modified":"2025-12-02T15:18:18","modified_gmt":"2025-12-02T14:18:18","slug":"usos-delictivos-de-las-redes-sociales-entre-la-radicalizacion-y-el-odio","status":"publish","type":"post","link":"https:\/\/fakepenal.umh.es\/en\/2025\/12\/02\/usos-delictivos-de-las-redes-sociales-entre-la-radicalizacion-y-el-odio\/","title":{"rendered":"USOS DELICTIVOS DE LAS REDES SOCIALES: ENTRE LA RADICALIZACI\u00d3N Y EL ODIO"},"content":{"rendered":"<p>[et_pb_section admin_label=&#8221;section&#8221;]<br \/>\n\t\t\t[et_pb_row admin_label=&#8221;row&#8221;]<br \/>\n\t\t\t\t[et_pb_column type=&#8221;4_4&#8243;][et_pb_text admin_label=&#8221;Text&#8221;]<\/p>\n<h1 class=\"entry-title\">USOS DELICTIVOS DE LAS REDES SOCIALES: ENTRE LA RADICALIZACI\u00d3N Y EL ODIO<\/h1>\n<p>En el pasado mes de marzo el Centro CRIMINA para el estudio y prevenci\u00f3n de la delincuencia organiz\u00f3 la Jornada online \u201cUsos delictivos de las redes sociales: entre la radicalizaci\u00f3n y el odio\u201d.<\/p>\n<p>Esta jornada, presentada por la Profesora Contratada Doctora en Derecho Penal Elena Beatriz Fern\u00e1ndez Castej\u00f3n, investigadora de Cr\u00edmina, reuni\u00f3 a expertos investigadores que compartieron sus \u00faltimos descubrimientos con las personas asistentes.<\/p>\n<p>En un primer momento, la doctora Paloma Viejo Otero, investigadora en el laboratorio de \u201cGobernanza de plataformas, medios y tecnolog\u00eda\u201d en el Centro de Medios, Comunicaci\u00f3n e Informaci\u00f3n (ZeMKI) de la Universidad de Bremen, present\u00f3 su ponencia titulada \u201cGobernando el odio. Plataformas, igualdad y el bienestar de las minor\u00edas en Europa\u201d.<\/p>\n<p>Esta brillante investigadora realiz\u00f3 un acercamiento conceptual a la Teor\u00eda del Bienestar Social, en la que, seg\u00fan Kayes (1998) el valor que se otorga a cada individuo est\u00e1 relacionado con su capacidad para contribuir a la sociedad. Siendo as\u00ed, Paloma nos indica que las instituciones deben adaptarse a las contribuciones diversas, porque diversos son los individuos que componen una sociedad.<\/p>\n<p>As\u00ed pues, las redes sociales, entendidas como una estructura social, deben asimismo estar preparadas para nutrirse de la aportaci\u00f3n de las individualidades diversas. \u00bfFacilitan las redes sociales la igualdad y la libertad para que todos sus componentes, desde sus distintas individualidades puedan aportar?<\/p>\n<p>Esto lleva a la investigadora a preguntarse si, dado que la diversidad puede llevar a conllevar a la manifestaci\u00f3n de discursos de odio entre los integrantes de esta estructura social, se debe regular dichos discursos. En su b\u00fasqueda de respuesta, analiza la existencia de distintas perspectivas de regulaci\u00f3n, que vienen de la mano de los encargados de esta tarea y que, desde un acercamiento a sus actuaciones, comprueba que difieren en su forma de abordar el problema del discurso del odio.[\/et_pb_text][\/et_pb_column]<br \/>\n\t\t\t[\/et_pb_row]<br \/>\n\t\t[\/et_pb_section]<\/p>\n","protected":false},"excerpt":{"rendered":"<p>USOS DELICTIVOS DE LAS REDES SOCIALES: ENTRE LA RADICALIZACI\u00d3N Y EL ODIO En el pasado mes de marzo el Centro CRIMINA para el estudio y prevenci\u00f3n de la delincuencia organiz\u00f3 la Jornada online \u201cUsos delictivos de las redes sociales: entre la radicalizaci\u00f3n y el odio\u201d. Esta jornada, presentada por la Profesora Contratada Doctora en Derecho [&hellip;]<\/p>\n","protected":false},"author":26227,"featured_media":1655,"comment_status":"closed","ping_status":"open","sticky":false,"template":"","format":"standard","meta":{"_et_pb_use_builder":"on","_et_pb_old_content":"<h1 class=\"entry-title\">USOS DELICTIVOS DE LAS REDES SOCIALES: ENTRE LA RADICALIZACI\u00d3N Y EL ODIO<\/h1>\r\nEn el pasado mes de marzo el Centro CRIMINA para el estudio y prevenci\u00f3n de la delincuencia organiz\u00f3 la Jornada online \u201cUsos delictivos de las redes sociales: entre la radicalizaci\u00f3n y el odio\u201d.\r\n\r\nEsta jornada, presentada por la Profesora Contratada Doctora en Derecho Penal Elena Beatriz Fern\u00e1ndez Castej\u00f3n, investigadora de Cr\u00edmina, reuni\u00f3 a expertos investigadores que compartieron sus \u00faltimos descubrimientos con las personas asistentes.\r\n\r\nEn un primer momento, la doctora Paloma Viejo Otero, investigadora en el laboratorio de \u201cGobernanza de plataformas, medios y tecnolog\u00eda\u201d en el Centro de Medios, Comunicaci\u00f3n e Informaci\u00f3n (ZeMKI) de la Universidad de Bremen, present\u00f3 su ponencia titulada \u201cGobernando el odio. Plataformas, igualdad y el bienestar de las minor\u00edas en Europa\u201d.\r\n\r\nEsta brillante investigadora realiz\u00f3 un acercamiento conceptual a la Teor\u00eda del Bienestar Social, en la que, seg\u00fan Kayes (1998) el valor que se otorga a cada individuo est\u00e1 relacionado con su capacidad para contribuir a la sociedad. Siendo as\u00ed, Paloma nos indica que las instituciones deben adaptarse a las contribuciones diversas, porque diversos son los individuos que componen una sociedad.\r\n\r\nAs\u00ed pues, las redes sociales, entendidas como una estructura social, deben asimismo estar preparadas para nutrirse de la aportaci\u00f3n de las individualidades diversas. \u00bfFacilitan las redes sociales la igualdad y la libertad para que todos sus componentes, desde sus distintas individualidades puedan aportar?\r\n\r\nEsto lleva a la investigadora a preguntarse si, dado que la diversidad puede llevar a conllevar a la manifestaci\u00f3n de discursos de odio entre los integrantes de esta estructura social, se debe regular dichos discursos. En su b\u00fasqueda de respuesta, analiza la existencia de distintas perspectivas de regulaci\u00f3n, que vienen de la mano de los encargados de esta tarea y que, desde un acercamiento a sus actuaciones, comprueba que difieren en su forma de abordar el problema del discurso del odio.","_et_gb_content_width":"","_links_to":"","_links_to_target":""},"categories":[23],"tags":[],"_links":{"self":[{"href":"https:\/\/fakepenal.umh.es\/en\/wp-json\/wp\/v2\/posts\/1667"}],"collection":[{"href":"https:\/\/fakepenal.umh.es\/en\/wp-json\/wp\/v2\/posts"}],"about":[{"href":"https:\/\/fakepenal.umh.es\/en\/wp-json\/wp\/v2\/types\/post"}],"author":[{"embeddable":true,"href":"https:\/\/fakepenal.umh.es\/en\/wp-json\/wp\/v2\/users\/26227"}],"replies":[{"embeddable":true,"href":"https:\/\/fakepenal.umh.es\/en\/wp-json\/wp\/v2\/comments?post=1667"}],"version-history":[{"count":0,"href":"https:\/\/fakepenal.umh.es\/en\/wp-json\/wp\/v2\/posts\/1667\/revisions"}],"wp:featuredmedia":[{"embeddable":true,"href":"https:\/\/fakepenal.umh.es\/en\/wp-json\/wp\/v2\/media\/1655"}],"wp:attachment":[{"href":"https:\/\/fakepenal.umh.es\/en\/wp-json\/wp\/v2\/media?parent=1667"}],"wp:term":[{"taxonomy":"category","embeddable":true,"href":"https:\/\/fakepenal.umh.es\/en\/wp-json\/wp\/v2\/categories?post=1667"},{"taxonomy":"post_tag","embeddable":true,"href":"https:\/\/fakepenal.umh.es\/en\/wp-json\/wp\/v2\/tags?post=1667"}],"curies":[{"name":"wp","href":"https:\/\/api.w.org\/{rel}","templated":true}]}}